{"id":5742,"date":"2025-11-12T09:53:44","date_gmt":"2025-11-12T08:53:44","guid":{"rendered":"https:\/\/www.lyonexpo.fr\/en\/?p=4205"},"modified":"2025-11-12T09:53:44","modified_gmt":"2025-11-12T08:53:44","slug":"rent-a-stand-for-the-salon-du-2-roues-in-lyon","status":"publish","type":"post","link":"https:\/\/www.cannesexpo.com\/fr\/rent-a-stand-for-the-salon-du-2-roues-in-lyon\/","title":{"rendered":"Exposez au Salon du 2 Roues avec la solution cl\u00e9 en main Rent-A-Stand"},"content":{"rendered":"<div class=\"wpb-content-wrapper\"><p>[vc_row][vc_column][vc_column_text css=\u00a0\u00bb\u00a0\u00bb]<\/p>\n<p style=\"text-align: center;\" data-start=\"796\" data-end=\"1152\"><strong>Vous pr\u00e9parez votre exposition \u00e0 Lyon et souhaitez marquer les esprits sans le stress de construire votre propre stand\u202f? CannesExpo  simplifie votre exp\u00e9rience. Gr\u00e2ce \u00e0 notre service cl\u00e9 en main Rent-A-Stand, vous pouvez exposer en toute confiance \u2014 que ce soit au Salon du 2 Roues, Pollutec ou tout autre salon professionnel \u00e0 Eurexpo Lyon.<\/strong><\/p>\n<p data-start=\"1154\" data-end=\"1406\">Notre mission est d\u2019aider les entreprises de toutes tailles \u00e0 pr\u00e9senter leurs produits avec des <strong data-start=\"1250\" data-end=\"1316\">stands d\u2019exposition \u00e9l\u00e9gants, fonctionnels et pr\u00eats \u00e0 l\u2019emploi<\/strong>. D\u00e9couvrez comment CannesExpo  peut transformer votre pr\u00e9sence au prochain Salon du 2 Roues.<\/p>\n<p>[\/vc_column_text][vc_empty_space][\/vc_column][\/vc_row][vc_row][vc_column][vc_column_text css=\u00a0\u00bb\u00a0\u00bb]<\/p>\n<h3 data-start=\"1413\" data-end=\"1457\">Simplifiez votre exp\u00e9rience d\u2019exposition<\/h3>\n<p data-start=\"1459\" data-end=\"1745\">Le <strong data-start=\"1462\" data-end=\"1482\">Salon du 2 Roues<\/strong> est l\u2019un des \u00e9v\u00e9nements europ\u00e9ens les plus importants dans le secteur de la moto et des deux-roues, attirant plus de <strong data-start=\"1600\" data-end=\"1621\">150\u202f000 visiteurs<\/strong> chaque ann\u00e9e. Dans un environnement si concurrentiel, votre stand doit \u00eatre <strong data-start=\"1698\" data-end=\"1742\">impactant, accueillant et facile \u00e0 g\u00e9rer<\/strong>.<\/p>\n<p data-start=\"1747\" data-end=\"1923\">Notre solution <strong data-start=\"1762\" data-end=\"1778\">Rent-A-Stand<\/strong> s\u2019occupe de tout\u202f: conception, production, installation et d\u00e9montage. Vous fournissez simplement vos visuels, et notre \u00e9quipe s\u2019occupe du reste.<\/p>\n<p data-start=\"1925\" data-end=\"2172\">Pour une option encore plus personnalis\u00e9e, vous pouvez \u00e9galement d\u00e9couvrir notre service <a href=\"https:\/\/www.cannesexpo.com\/stand-sur-mesure-lyon-euro-395-m2-tout-compris\/\"><strong data-start=\"2015\" data-end=\"2049\">Conception de Stand Sur Mesure<\/strong>,<\/a> qui permet de cr\u00e9er un concept enti\u00e8rement adapt\u00e9 \u00e0 votre identit\u00e9 de marque.<\/p>\n<h3 data-start=\"2179\" data-end=\"2223\">Ce que comprend notre offre Rent-A-Stand<\/h3>\n<p data-start=\"2225\" data-end=\"2328\">Chaque stand CannesExpo  est con\u00e7u pour <strong data-start=\"2262\" data-end=\"2291\">allier style et praticit\u00e9<\/strong>. Nos stands cl\u00e9 en main incluent :<\/p>\n<ul data-start=\"2330\" data-end=\"2885\">\n<li data-start=\"2330\" data-end=\"2477\">\n<p data-start=\"2332\" data-end=\"2477\"><strong data-start=\"2332\" data-end=\"2366\">Murs imprim\u00e9s de haute qualit\u00e9<\/strong> (hauteur 250 cm), en tissu full color ou en option <strong data-start=\"2418\" data-end=\"2444\">lightbox r\u00e9tro\u00e9clair\u00e9e<\/strong> pour un impact visuel maximal.<\/p>\n<\/li>\n<li data-start=\"2478\" data-end=\"2545\">\n<p data-start=\"2480\" data-end=\"2545\"><strong data-start=\"2480\" data-end=\"2522\">Comptoir verrouillable personnalisable<\/strong> avec votre branding.<\/p>\n<\/li>\n<li data-start=\"2546\" data-end=\"2624\">\n<p data-start=\"2548\" data-end=\"2624\"><strong data-start=\"2548\" data-end=\"2572\">Mobilier confortable<\/strong> \u2014 table basse ou haute avec chaises ou tabourets.<\/p>\n<\/li>\n<li data-start=\"2625\" data-end=\"2711\">\n<p data-start=\"2627\" data-end=\"2711\"><strong data-start=\"2627\" data-end=\"2658\">Choix de rev\u00eatements de sol<\/strong> \u2014 quatre couleurs de moquette ou vinyle en option.<\/p>\n<\/li>\n<li data-start=\"2712\" data-end=\"2799\">\n<p data-start=\"2714\" data-end=\"2799\"><strong data-start=\"2714\" data-end=\"2741\">Options suppl\u00e9mentaires<\/strong> \u2014 \u00e9crans TV, \u00e9clairage, espace de stockage ou \u00e9tag\u00e8res.<\/p>\n<\/li>\n<li data-start=\"2800\" data-end=\"2885\">\n<p data-start=\"2802\" data-end=\"2885\"><strong data-start=\"2802\" data-end=\"2840\">Installation et d\u00e9montage complets<\/strong> par notre \u00e9quipe professionnelle CannesExpo .<\/p>\n<\/li>\n<\/ul>\n<p data-start=\"2887\" data-end=\"3033\">Avec CannesExpo , vous ne vous contentez pas de <strong data-start=\"2932\" data-end=\"2957\">louer un stand \u00e0 Lyon<\/strong>\u202f: vous b\u00e9n\u00e9ficiez d\u2019une <strong data-start=\"2982\" data-end=\"3032\">exp\u00e9rience d\u2019exposition compl\u00e8te et sans souci<\/strong>.<\/p>\n<h3 data-start=\"3040\" data-end=\"3074\">Con\u00e7u pour le Salon du 2 Roues<\/h3>\n<p data-start=\"3076\" data-end=\"3312\">Le <strong data-start=\"3079\" data-end=\"3099\">Salon du 2 Roues<\/strong> \u00e0 Eurexpo est un \u00e9v\u00e9nement dynamique et tr\u00e8s fr\u00e9quent\u00e9. Nos stands sont sp\u00e9cialement pens\u00e9s pour ce type d\u2019environnement : lignes modernes, finitions soign\u00e9es et graphiques immersifs pour attirer les visiteurs.<\/p>\n<p data-start=\"3314\" data-end=\"3492\">\u00c9tant <strong data-start=\"3320\" data-end=\"3336\">bas\u00e9s \u00e0 Lyon<\/strong>, nous connaissons parfaitement le lieu, les acc\u00e8s et les contraintes techniques, ce qui garantit une livraison fluide et une installation dans les temps.<\/p>\n<p data-start=\"3494\" data-end=\"3721\">Pour faciliter encore plus votre participation, nos services de <strong data-start=\"3559\" data-end=\"3588\">Logistique \u00c9v\u00e9nementielle<\/strong> peuvent prendre en charge transport, stockage et coordination avant et apr\u00e8s le salon.<\/p>\n<h3 data-start=\"3728\" data-end=\"3778\">Des packages flexibles pour tous les exposants<\/h3>\n<p data-start=\"3780\" data-end=\"3950\">Que vous pr\u00e9sentiez de nouveaux mod\u00e8les, des pi\u00e8ces ou des services, nous proposons des tailles et configurations de stands adapt\u00e9es \u00e0 vos objectifs et \u00e0 votre budget\u202f:<\/p>\n<ul data-start=\"3952\" data-end=\"4250\">\n<li data-start=\"3952\" data-end=\"4046\">\n<p data-start=\"3954\" data-end=\"4046\"><strong data-start=\"3954\" data-end=\"3974\">Stand 6 m\u00b2 (2\u00d73)<\/strong> avec murs en tissu, mobilier et TV 55\u2033 \u2014 \u00e0 partir de <strong data-start=\"4028\" data-end=\"4044\">1\u202f938 \u20ac H.T.<\/strong><\/p>\n<\/li>\n<li data-start=\"4047\" data-end=\"4137\">\n<p data-start=\"4049\" data-end=\"4137\"><strong data-start=\"4049\" data-end=\"4069\">Stand 9 m\u00b2 (3\u00d73)<\/strong> avec c\u00f4t\u00e9s ouverts et mur lightbox \u2014 \u00e0 partir de <strong data-start=\"4119\" data-end=\"4135\">1\u202f497 \u20ac H.T.<\/strong><\/p>\n<\/li>\n<li data-start=\"4138\" data-end=\"4250\">\n<p data-start=\"4140\" data-end=\"4250\"><strong data-start=\"4140\" data-end=\"4161\">Stand 15 m\u00b2 (5\u00d73)<\/strong> avec espace de stockage, mur lightbox + tissu et TV 65\u2033 \u2014 \u00e0 partir de <strong data-start=\"4232\" data-end=\"4248\">3\u202f939 \u20ac H.T.<\/strong><\/p>\n<\/li>\n<\/ul>\n<p data-start=\"4252\" data-end=\"4394\"><strong>Toutes les options sont personnalisables<\/strong> et peuvent \u00eatre \u00e9tendues \u00e0 des surfaces plus grandes, comme 6\u00d78\u202fm (48\u202fm\u00b2), avec votre branding, vos couleurs et vos visuels, garantissant un rendu professionnel et harmonieux \u00e0 chaque \u00e9v\u00e9nement.<\/p>\n<h3 data-start=\"4401\" data-end=\"4448\">Pourquoi les exposants choisissent CannesExpo <\/h3>\n<ul data-start=\"4450\" data-end=\"4910\">\n<li data-start=\"4450\" data-end=\"4526\">\n<p data-start=\"4452\" data-end=\"4526\">\ud83d\udca1 <strong data-start=\"4455\" data-end=\"4469\">\u00c9conomique<\/strong> \u2014 un rendu premium sans le co\u00fbt d\u2019un stand sur mesure.<\/p>\n<\/li>\n<li data-start=\"4527\" data-end=\"4605\">\n<p data-start=\"4529\" data-end=\"4605\">\ud83d\udd53 <strong data-start=\"4532\" data-end=\"4549\">Gain de temps<\/strong> \u2014 arrivez \u00e0 Eurexpo avec votre stand pr\u00eat \u00e0 l\u2019emploi.<\/p>\n<\/li>\n<li data-start=\"4606\" data-end=\"4710\">\n<p data-start=\"4608\" data-end=\"4710\">\ud83d\udccd <strong data-start=\"4611\" data-end=\"4631\">Expertise locale<\/strong> \u2014 nous sommes bas\u00e9s \u00e0 Lyon et connaissons le lieu dans les moindres d\u00e9tails.<\/p>\n<\/li>\n<li data-start=\"4711\" data-end=\"4813\">\n<p data-start=\"4713\" data-end=\"4813\">\ud83c\udfa8 <strong data-start=\"4716\" data-end=\"4735\">Personnalisable<\/strong> \u2014 adaptez vos graphiques, la disposition et le mobilier selon votre marque.<\/p>\n<\/li>\n<li data-start=\"4814\" data-end=\"4910\">\n<p data-start=\"4816\" data-end=\"4910\">\ud83e\udd1d <strong data-start=\"4819\" data-end=\"4834\">Sans stress<\/strong> \u2014 nous nous occupons de la logistique, de l\u2019installation et du d\u00e9montage.<\/p>\n<\/li>\n<\/ul>\n<p data-start=\"4912\" data-end=\"5042\">Avec CannesExpo , vous ne <strong data-start=\"4935\" data-end=\"4967\">louez pas seulement un stand<\/strong>, vous gagnez un <strong data-start=\"4984\" data-end=\"5005\">partenaire fiable<\/strong> pour r\u00e9ussir votre Salon du 2 Roues.<\/p>\n<h3 data-start=\"5049\" data-end=\"5099\">Maximisez votre visibilit\u00e9 au Salon du 2 Roues<\/h3>\n<p data-start=\"5101\" data-end=\"5327\">Votre stand est plus qu\u2019un simple espace d\u2019exposition\u202f: c\u2019est <strong data-start=\"5163\" data-end=\"5193\">la vitrine de votre marque<\/strong>. Avec notre <strong data-start=\"5206\" data-end=\"5242\">service cl\u00e9 en main Rent-A-Stand<\/strong>, vous vous d\u00e9marquez professionnellement, tout en \u00e9conomisant temps et ressources.<\/p>\n<p data-start=\"5329\" data-end=\"5467\">Que vous soyez une start-up ou une marque \u00e9tablie, notre solution vous aide \u00e0 <strong data-start=\"5407\" data-end=\"5438\">briller au Salon du 2 Roues<\/strong>, facilement et efficacement.<\/p>\n<h3 data-start=\"5474\" data-end=\"5512\">Contactez CannesExpo  d\u00e8s aujourd\u2019hui<\/h3>\n<p data-start=\"5514\" data-end=\"5683\">Pr\u00eat \u00e0 <strong data-start=\"5521\" data-end=\"5542\">louer votre stand<\/strong> pour le Salon du 2 Roues ou un autre \u00e9v\u00e9nement \u00e0 <strong data-start=\"5592\" data-end=\"5608\">Eurexpo Lyon<\/strong>\u202f?<br data-start=\"5610\" data-end=\"5613\" \/><a href=\"https:\/\/www.cannesexpo.com\/contact\/\">Contactez notre \u00e9quipe<\/a> pour concevoir votre espace d\u2019exposition id\u00e9al.<\/p>\n<p data-start=\"5839\" data-end=\"5911\"><strong data-start=\"5839\" data-end=\"5911\">LyonExpo \u2014 Location de stands cl\u00e9 en main \u00e0 Lyon, pour votre succ\u00e8s.<\/strong><\/p>\n<p>[\/vc_column_text][vc_empty_space][\/vc_column][\/vc_row]<\/p>\n<\/div>","protected":false},"excerpt":{"rendered":"<p>Brillez au Salon du 2 Roues avec la solution cl\u00e9 en main Rent-A-Stand de CannesExpo . Stand d\u2019exposition professionnel et pr\u00eat \u00e0 l\u2019emploi \u00e0 Lyon.<\/p>\n","protected":false},"author":1,"featured_media":4206,"comment_status":"closed","ping_status":"closed","sticky":false,"template":"","format":"standard","meta":{"footnotes":""},"categories":[1],"tags":[],"class_list":["post-5742","post","type-post","status-publish","format-standard","has-post-thumbnail","hentry","category-uncategorised","category-1","description-off"],"yoast_head":"<!-- This site is optimized with the Yoast SEO plugin v27.4 - https:\/\/yoast.com\/product\/yoast-seo-wordpress\/ -->\n<title>Exposez au Salon du 2 Roues avec la solution cl\u00e9 en main Rent-A-Stand<\/title>\n<meta name=\"robots\" content=\"index, follow, max-snippet:-1, max-image-preview:large, max-video-preview:-1\" \/>\n<link rel=\"canonical\" href=\"https:\/\/www.cannesexpo.com\/fr\/rent-a-stand-for-the-salon-du-2-roues-in-lyon\/\" \/>\n<meta property=\"og:locale\" content=\"fr_FR\" \/>\n<meta property=\"og:locale:alternate\" content=\"en_GB\" \/>\n<meta property=\"og:type\" content=\"article\" \/>\n<meta property=\"og:title\" content=\"Exposez au Salon du 2 Roues avec la solution cl\u00e9 en main Rent-A-Stand\" \/>\n<meta property=\"og:description\" content=\"Brillez au Salon du 2 Roues avec la solution cl\u00e9 en main Rent-A-Stand de CannesExpo . Stand d\u2019exposition professionnel et pr\u00eat \u00e0 l\u2019emploi \u00e0 Lyon.\" \/>\n<meta property=\"og:url\" content=\"https:\/\/www.cannesexpo.com\/fr\/rent-a-stand-for-the-salon-du-2-roues-in-lyon\/\" \/>\n<meta property=\"og:site_name\" content=\"CannesExpo\" \/>\n<meta property=\"article:publisher\" content=\"https:\/\/www.facebook.com\/Cannes-Expo-1389323277804906\" \/>\n<meta property=\"article:published_time\" content=\"2025-11-12T08:53:44+00:00\" \/>\n<meta name=\"author\" content=\"CannesExpo\" \/>\n<meta name=\"twitter:card\" content=\"summary_large_image\" \/>\n<meta name=\"twitter:creator\" content=\"@CannesExpo\" \/>\n<meta name=\"twitter:site\" content=\"@CannesExpo\" \/>\n<meta name=\"twitter:label1\" content=\"\u00c9crit par\" \/>\n\t<meta name=\"twitter:data1\" content=\"CannesExpo\" \/>\n\t<meta name=\"twitter:label2\" content=\"Dur\u00e9e de lecture estim\u00e9e\" \/>\n\t<meta name=\"twitter:data2\" content=\"8 minutes\" \/>\n<script type=\"application\/ld+json\" class=\"yoast-schema-graph\">{\"@context\":\"https:\\\/\\\/schema.org\",\"@graph\":[{\"@type\":\"Article\",\"@id\":\"https:\\\/\\\/www.cannesexpo.com\\\/fr\\\/rent-a-stand-for-the-salon-du-2-roues-in-lyon\\\/#article\",\"isPartOf\":{\"@id\":\"https:\\\/\\\/www.cannesexpo.com\\\/fr\\\/rent-a-stand-for-the-salon-du-2-roues-in-lyon\\\/\"},\"author\":{\"name\":\"CannesExpo\",\"@id\":\"https:\\\/\\\/www.cannesexpo.com\\\/fr\\\/#\\\/schema\\\/person\\\/6e63e0372e8eb95092aea55640b6a2ba\"},\"headline\":\"Exposez au Salon du 2 Roues avec la solution cl\u00e9 en main Rent-A-Stand\",\"datePublished\":\"2025-11-12T08:53:44+00:00\",\"mainEntityOfPage\":{\"@id\":\"https:\\\/\\\/www.cannesexpo.com\\\/fr\\\/rent-a-stand-for-the-salon-du-2-roues-in-lyon\\\/\"},\"wordCount\":1555,\"publisher\":{\"@id\":\"https:\\\/\\\/www.cannesexpo.com\\\/fr\\\/#organization\"},\"image\":{\"@id\":\"https:\\\/\\\/www.cannesexpo.com\\\/fr\\\/rent-a-stand-for-the-salon-du-2-roues-in-lyon\\\/#primaryimage\"},\"thumbnailUrl\":\"\",\"articleSection\":[\"Uncategorised\"],\"inLanguage\":\"fr-FR\"},{\"@type\":\"WebPage\",\"@id\":\"https:\\\/\\\/www.cannesexpo.com\\\/fr\\\/rent-a-stand-for-the-salon-du-2-roues-in-lyon\\\/\",\"url\":\"https:\\\/\\\/www.cannesexpo.com\\\/fr\\\/rent-a-stand-for-the-salon-du-2-roues-in-lyon\\\/\",\"name\":\"Exposez au Salon du 2 Roues avec la solution cl\u00e9 en main Rent-A-Stand\",\"isPartOf\":{\"@id\":\"https:\\\/\\\/www.cannesexpo.com\\\/fr\\\/#website\"},\"primaryImageOfPage\":{\"@id\":\"https:\\\/\\\/www.cannesexpo.com\\\/fr\\\/rent-a-stand-for-the-salon-du-2-roues-in-lyon\\\/#primaryimage\"},\"image\":{\"@id\":\"https:\\\/\\\/www.cannesexpo.com\\\/fr\\\/rent-a-stand-for-the-salon-du-2-roues-in-lyon\\\/#primaryimage\"},\"thumbnailUrl\":\"\",\"datePublished\":\"2025-11-12T08:53:44+00:00\",\"breadcrumb\":{\"@id\":\"https:\\\/\\\/www.cannesexpo.com\\\/fr\\\/rent-a-stand-for-the-salon-du-2-roues-in-lyon\\\/#breadcrumb\"},\"inLanguage\":\"fr-FR\",\"potentialAction\":[{\"@type\":\"ReadAction\",\"target\":[\"https:\\\/\\\/www.cannesexpo.com\\\/fr\\\/rent-a-stand-for-the-salon-du-2-roues-in-lyon\\\/\"]}]},{\"@type\":\"ImageObject\",\"inLanguage\":\"fr-FR\",\"@id\":\"https:\\\/\\\/www.cannesexpo.com\\\/fr\\\/rent-a-stand-for-the-salon-du-2-roues-in-lyon\\\/#primaryimage\",\"url\":\"\",\"contentUrl\":\"\"},{\"@type\":\"BreadcrumbList\",\"@id\":\"https:\\\/\\\/www.cannesexpo.com\\\/fr\\\/rent-a-stand-for-the-salon-du-2-roues-in-lyon\\\/#breadcrumb\",\"itemListElement\":[{\"@type\":\"ListItem\",\"position\":1,\"name\":\"Home\",\"item\":\"https:\\\/\\\/www.cannesexpo.com\\\/fr\\\/\"},{\"@type\":\"ListItem\",\"position\":2,\"name\":\"Exposez au Salon du 2 Roues avec la solution cl\u00e9 en main Rent-A-Stand\"}]},{\"@type\":\"WebSite\",\"@id\":\"https:\\\/\\\/www.cannesexpo.com\\\/fr\\\/#website\",\"url\":\"https:\\\/\\\/www.cannesexpo.com\\\/fr\\\/\",\"name\":\"CannesExpo\",\"description\":\"Exhibition Stand Design in Cannes, Lyon, Nice &amp; Monaco\",\"publisher\":{\"@id\":\"https:\\\/\\\/www.cannesexpo.com\\\/fr\\\/#organization\"},\"potentialAction\":[{\"@type\":\"SearchAction\",\"target\":{\"@type\":\"EntryPoint\",\"urlTemplate\":\"https:\\\/\\\/www.cannesexpo.com\\\/fr\\\/?s={search_term_string}\"},\"query-input\":{\"@type\":\"PropertyValueSpecification\",\"valueRequired\":true,\"valueName\":\"search_term_string\"}}],\"inLanguage\":\"fr-FR\"},{\"@type\":\"Organization\",\"@id\":\"https:\\\/\\\/www.cannesexpo.com\\\/fr\\\/#organization\",\"name\":\"CannesExpo\",\"url\":\"https:\\\/\\\/www.cannesexpo.com\\\/fr\\\/\",\"logo\":{\"@type\":\"ImageObject\",\"inLanguage\":\"fr-FR\",\"@id\":\"https:\\\/\\\/www.cannesexpo.com\\\/fr\\\/#\\\/schema\\\/logo\\\/image\\\/\",\"url\":\"https:\\\/\\\/www.cannesexpo.com\\\/wp-content\\\/uploads\\\/2017\\\/04\\\/logo_CannesExpo.png\",\"contentUrl\":\"https:\\\/\\\/www.cannesexpo.com\\\/wp-content\\\/uploads\\\/2017\\\/04\\\/logo_CannesExpo.png\",\"width\":727,\"height\":199,\"caption\":\"CannesExpo\"},\"image\":{\"@id\":\"https:\\\/\\\/www.cannesexpo.com\\\/fr\\\/#\\\/schema\\\/logo\\\/image\\\/\"},\"sameAs\":[\"https:\\\/\\\/www.facebook.com\\\/Cannes-Expo-1389323277804906\",\"https:\\\/\\\/x.com\\\/CannesExpo\",\"https:\\\/\\\/www.instagram.com\\\/cannesexpo\\\/\",\"https:\\\/\\\/www.pinterest.com\\\/cannesexpo\\\/\"]},{\"@type\":\"Person\",\"@id\":\"https:\\\/\\\/www.cannesexpo.com\\\/fr\\\/#\\\/schema\\\/person\\\/6e63e0372e8eb95092aea55640b6a2ba\",\"name\":\"CannesExpo\",\"image\":{\"@type\":\"ImageObject\",\"inLanguage\":\"fr-FR\",\"@id\":\"https:\\\/\\\/secure.gravatar.com\\\/avatar\\\/c461a99f3658cdfb794f850b7eff639b1c11cada2dd3328637fc5abd73789002?s=96&d=mm&r=g\",\"url\":\"https:\\\/\\\/secure.gravatar.com\\\/avatar\\\/c461a99f3658cdfb794f850b7eff639b1c11cada2dd3328637fc5abd73789002?s=96&d=mm&r=g\",\"contentUrl\":\"https:\\\/\\\/secure.gravatar.com\\\/avatar\\\/c461a99f3658cdfb794f850b7eff639b1c11cada2dd3328637fc5abd73789002?s=96&d=mm&r=g\",\"caption\":\"CannesExpo\"}}]}<\/script>\n<!-- \/ Yoast SEO plugin. -->","yoast_head_json":{"title":"Exposez au Salon du 2 Roues avec la solution cl\u00e9 en main Rent-A-Stand","robots":{"index":"index","follow":"follow","max-snippet":"max-snippet:-1","max-image-preview":"max-image-preview:large","max-video-preview":"max-video-preview:-1"},"canonical":"https:\/\/www.cannesexpo.com\/fr\/rent-a-stand-for-the-salon-du-2-roues-in-lyon\/","og_locale":"fr_FR","og_type":"article","og_title":"[:fr]Exposez au Salon du 2 Roues avec la solution cl\u00e9 en main Rent-A-Stand[:en]Rent a Stand for the Salon du 2 Roues in Lyon[:] | CannesExpo","og_description":"Brillez au Salon du 2 Roues avec la solution cl\u00e9 en main Rent-A-Stand de CannesExpo . Stand d\u2019exposition professionnel et pr\u00eat \u00e0 l\u2019emploi \u00e0 Lyon.","og_url":"https:\/\/www.cannesexpo.com\/fr\/rent-a-stand-for-the-salon-du-2-roues-in-lyon\/","og_site_name":"CannesExpo","article_publisher":"https:\/\/www.facebook.com\/Cannes-Expo-1389323277804906","article_published_time":"2025-11-12T08:53:44+00:00","author":"CannesExpo","twitter_card":"summary_large_image","twitter_creator":"@CannesExpo","twitter_site":"@CannesExpo","twitter_misc":{"\u00c9crit par":"CannesExpo","Dur\u00e9e de lecture estim\u00e9e":"8 minutes"},"schema":{"@context":"https:\/\/schema.org","@graph":[{"@type":"Article","@id":"https:\/\/www.cannesexpo.com\/fr\/rent-a-stand-for-the-salon-du-2-roues-in-lyon\/#article","isPartOf":{"@id":"https:\/\/www.cannesexpo.com\/fr\/rent-a-stand-for-the-salon-du-2-roues-in-lyon\/"},"author":{"name":"CannesExpo","@id":"https:\/\/www.cannesexpo.com\/fr\/#\/schema\/person\/6e63e0372e8eb95092aea55640b6a2ba"},"headline":"Exposez au Salon du 2 Roues avec la solution cl\u00e9 en main Rent-A-Stand","datePublished":"2025-11-12T08:53:44+00:00","mainEntityOfPage":{"@id":"https:\/\/www.cannesexpo.com\/fr\/rent-a-stand-for-the-salon-du-2-roues-in-lyon\/"},"wordCount":1555,"publisher":{"@id":"https:\/\/www.cannesexpo.com\/fr\/#organization"},"image":{"@id":"https:\/\/www.cannesexpo.com\/fr\/rent-a-stand-for-the-salon-du-2-roues-in-lyon\/#primaryimage"},"thumbnailUrl":"","articleSection":["Uncategorised"],"inLanguage":"fr-FR"},{"@type":"WebPage","@id":"https:\/\/www.cannesexpo.com\/fr\/rent-a-stand-for-the-salon-du-2-roues-in-lyon\/","url":"https:\/\/www.cannesexpo.com\/fr\/rent-a-stand-for-the-salon-du-2-roues-in-lyon\/","name":"Exposez au Salon du 2 Roues avec la solution cl\u00e9 en main Rent-A-Stand","isPartOf":{"@id":"https:\/\/www.cannesexpo.com\/fr\/#website"},"primaryImageOfPage":{"@id":"https:\/\/www.cannesexpo.com\/fr\/rent-a-stand-for-the-salon-du-2-roues-in-lyon\/#primaryimage"},"image":{"@id":"https:\/\/www.cannesexpo.com\/fr\/rent-a-stand-for-the-salon-du-2-roues-in-lyon\/#primaryimage"},"thumbnailUrl":"","datePublished":"2025-11-12T08:53:44+00:00","breadcrumb":{"@id":"https:\/\/www.cannesexpo.com\/fr\/rent-a-stand-for-the-salon-du-2-roues-in-lyon\/#breadcrumb"},"inLanguage":"fr-FR","potentialAction":[{"@type":"ReadAction","target":["https:\/\/www.cannesexpo.com\/fr\/rent-a-stand-for-the-salon-du-2-roues-in-lyon\/"]}]},{"@type":"ImageObject","inLanguage":"fr-FR","@id":"https:\/\/www.cannesexpo.com\/fr\/rent-a-stand-for-the-salon-du-2-roues-in-lyon\/#primaryimage","url":"","contentUrl":""},{"@type":"BreadcrumbList","@id":"https:\/\/www.cannesexpo.com\/fr\/rent-a-stand-for-the-salon-du-2-roues-in-lyon\/#breadcrumb","itemListElement":[{"@type":"ListItem","position":1,"name":"Home","item":"https:\/\/www.cannesexpo.com\/fr\/"},{"@type":"ListItem","position":2,"name":"Exposez au Salon du 2 Roues avec la solution cl\u00e9 en main Rent-A-Stand"}]},{"@type":"WebSite","@id":"https:\/\/www.cannesexpo.com\/fr\/#website","url":"https:\/\/www.cannesexpo.com\/fr\/","name":"CannesExpo","description":"Exhibition Stand Design in Cannes, Lyon, Nice &amp; Monaco","publisher":{"@id":"https:\/\/www.cannesexpo.com\/fr\/#organization"},"potentialAction":[{"@type":"SearchAction","target":{"@type":"EntryPoint","urlTemplate":"https:\/\/www.cannesexpo.com\/fr\/?s={search_term_string}"},"query-input":{"@type":"PropertyValueSpecification","valueRequired":true,"valueName":"search_term_string"}}],"inLanguage":"fr-FR"},{"@type":"Organization","@id":"https:\/\/www.cannesexpo.com\/fr\/#organization","name":"CannesExpo","url":"https:\/\/www.cannesexpo.com\/fr\/","logo":{"@type":"ImageObject","inLanguage":"fr-FR","@id":"https:\/\/www.cannesexpo.com\/fr\/#\/schema\/logo\/image\/","url":"https:\/\/www.cannesexpo.com\/wp-content\/uploads\/2017\/04\/logo_CannesExpo.png","contentUrl":"https:\/\/www.cannesexpo.com\/wp-content\/uploads\/2017\/04\/logo_CannesExpo.png","width":727,"height":199,"caption":"CannesExpo"},"image":{"@id":"https:\/\/www.cannesexpo.com\/fr\/#\/schema\/logo\/image\/"},"sameAs":["https:\/\/www.facebook.com\/Cannes-Expo-1389323277804906","https:\/\/x.com\/CannesExpo","https:\/\/www.instagram.com\/cannesexpo\/","https:\/\/www.pinterest.com\/cannesexpo\/"]},{"@type":"Person","@id":"https:\/\/www.cannesexpo.com\/fr\/#\/schema\/person\/6e63e0372e8eb95092aea55640b6a2ba","name":"CannesExpo","image":{"@type":"ImageObject","inLanguage":"fr-FR","@id":"https:\/\/secure.gravatar.com\/avatar\/c461a99f3658cdfb794f850b7eff639b1c11cada2dd3328637fc5abd73789002?s=96&d=mm&r=g","url":"https:\/\/secure.gravatar.com\/avatar\/c461a99f3658cdfb794f850b7eff639b1c11cada2dd3328637fc5abd73789002?s=96&d=mm&r=g","contentUrl":"https:\/\/secure.gravatar.com\/avatar\/c461a99f3658cdfb794f850b7eff639b1c11cada2dd3328637fc5abd73789002?s=96&d=mm&r=g","caption":"CannesExpo"}}]}},"_links":{"self":[{"href":"https:\/\/www.cannesexpo.com\/fr\/wp-json\/wp\/v2\/posts\/5742","targetHints":{"allow":["GET"]}}],"collection":[{"href":"https:\/\/www.cannesexpo.com\/fr\/wp-json\/wp\/v2\/posts"}],"about":[{"href":"https:\/\/www.cannesexpo.com\/fr\/wp-json\/wp\/v2\/types\/post"}],"author":[{"embeddable":true,"href":"https:\/\/www.cannesexpo.com\/fr\/wp-json\/wp\/v2\/users\/1"}],"replies":[{"embeddable":true,"href":"https:\/\/www.cannesexpo.com\/fr\/wp-json\/wp\/v2\/comments?post=5742"}],"version-history":[{"count":0,"href":"https:\/\/www.cannesexpo.com\/fr\/wp-json\/wp\/v2\/posts\/5742\/revisions"}],"wp:featuredmedia":[{"embeddable":true,"href":"https:\/\/www.cannesexpo.com\/fr\/wp-json\/"}],"wp:attachment":[{"href":"https:\/\/www.cannesexpo.com\/fr\/wp-json\/wp\/v2\/media?parent=5742"}],"wp:term":[{"taxonomy":"category","embeddable":true,"href":"https:\/\/www.cannesexpo.com\/fr\/wp-json\/wp\/v2\/categories?post=5742"},{"taxonomy":"post_tag","embeddable":true,"href":"https:\/\/www.cannesexpo.com\/fr\/wp-json\/wp\/v2\/tags?post=5742"}],"curies":[{"name":"wp","href":"https:\/\/api.w.org\/{rel}","templated":true}]}}